{"id":426,"__str__":"parecer jur\u00eddico - PARECER JUR\u00cdDICO de 25/07/2016 por Mayone Ferreira de S\u00e1","link_detail_backend":"/materia/documentoacessorio/426","metadata":{},"nome":"PARECER JUR\u00cdDICO","data":"2016-07-25","autor":"Mayone Ferreira de S\u00e1","ementa":"","indexacao":"","arquivo":"http://sapl.saomigueldoaraguaia.go.leg.br/media/sapl/public/documentoacessorio/2016/426/426.pdf","data_ultima_atualizacao":"2018-10-01T11:46:35.484903-03:00","materia":661,"tipo":8}