{"id":447,"__str__":"Parecer - COMISS\u00c3O DE JUSTI\u00c7A E REDA\u00c7\u00c3O. de 02/09/2016 por MEMBROS DA COMISS\u00c3O.","link_detail_backend":"/materia/documentoacessorio/447","metadata":{},"nome":"COMISS\u00c3O DE JUSTI\u00c7A E REDA\u00c7\u00c3O.","data":"2016-09-02","autor":"MEMBROS DA COMISS\u00c3O.","ementa":"","indexacao":"","arquivo":"http://sapl.saomigueldoaraguaia.go.leg.br/media/sapl/public/documentoacessorio/2016/447/447.pdf","data_ultima_atualizacao":"2018-10-01T11:46:35.140120-03:00","materia":662,"tipo":1}